{"id":409,"date":"2021-02-20T18:27:29","date_gmt":"2021-02-20T21:27:29","guid":{"rendered":"http:\/\/www.amandatolomelli.pro.br\/site\/?p=409"},"modified":"2021-02-20T18:29:10","modified_gmt":"2021-02-20T21:29:10","slug":"o-lugar-da-educacao-e-um-achado-muito-peculiar","status":"publish","type":"post","link":"https:\/\/www.amandatolomelli.pro.br\/site\/index.php\/2021\/02\/20\/o-lugar-da-educacao-e-um-achado-muito-peculiar\/","title":{"rendered":"O lugar da educa\u00e7\u00e3o&#8230; e um achado muito peculiar&#8230;"},"content":{"rendered":"\n<p>Hoje fui a quatro livrarias em Belo Horizonte\u2026 em tempos de pandemia, acho que esse tem sido uns dos lugares mais seguros para ir dar uma volta, ver novidades e divertir um pouco\u2026 na primeira perguntei sobre onde estavam os livros de EDUCA\u00c7\u00c3O e me apontaram para uma prateleira de mais ou menos 60cm\u2026 com t\u00edtulos dos mais diversos desconhecidos\u2026 n\u00e3o que o desconhecimento seja ruim, mas nada dos cl\u00e1ssicos e nenhum Paulo Freire\u2026 assustador!<br>Na segunda livraria os livros de educa\u00e7\u00e3o estavam junto com TEORIA CR\u00cdTICA\u2026 Sinceramente, nem me dei ao trabalho de procurar o t\u00edtulo que eu queria misturado com tudo\u2026<br>Na terceira livraria a se\u00e7\u00e3o de educa\u00e7\u00e3o estava quase no ch\u00e3o, embaixo de uma grande prateleira e para acess\u00e1-la precisei ficar abaixada de c\u00f3coras e bem curvada para n\u00e3o bater a cabe\u00e7a na prateleira de cima\u2026<br>A\u00ed decidi ir \u00e0 livraria espec\u00edfica de educa\u00e7\u00e3o daqui da cidade e encontrei uma poss\u00edvel preciosidade\u2026 TELEDUCA\u00c7\u00c3O ou Educa\u00e7\u00e3o a Dist\u00e2ncia &#8211; Fundamentos e m\u00e9todos de Juan E. D\u00edaz Bordenave. Um livro falando de teleduca\u00e7\u00e3o de 1987! Uaaau<br>J\u00e1 tinha lido Bordenave (O que \u00e9 participa\u00e7\u00e3o) quando escrevi meu TCC da primeira p\u00f3s-gradua\u00e7\u00e3o e decidi experimentar esse livrinho pitoresco!<br>Estou ainda no primeiro cap\u00edtulo, mas j\u00e1 posso destacar algumas preciosidades:<br>Na introdu\u00e7\u00e3o uma fala hipot\u00e9tica do Ministro da Educa\u00e7\u00e3o &#8220;\u2026o Governo simplesmente n\u00e3o tem o dinheiro que precisaria para construir todas as escolas e pagar todos os professores que seriam necess\u00e1rios para dar educa\u00e7\u00e3o a todos. Que posso fazer?&#8221; e o autor responde que &#8220;Parte da resposta poss\u00edvel chama-se teleduca\u00e7\u00e3o&#8221;.<br>J\u00e1 no primeiro cap\u00edtulo o autor tenta conceituar teleduca\u00e7\u00e3o e isso deixa mais claro ainda que o livro \u00e9 realmente de meu interesse: &#8220;Teleduca\u00e7\u00e3o vem de telos que em Grego significa dist\u00e2ncia. Assim como telefone se refere a som a dist\u00e2ncia, teleduca\u00e7\u00e3o indica educa\u00e7\u00e3o a dist\u00e2ncia. N\u00e3o significa apenas educa\u00e7\u00e3o por televis\u00e3o, como muitos pensam, mas qualquer forma mediatizada de educa\u00e7\u00e3o, isto \u00e9, onde o contato entre professor e aluno \u00e9 feito pela intermedia\u00e7\u00e3o de um ou de v\u00e1rios meios de comunica\u00e7\u00e3o&#8221; (BORDENAVE, 1987, p. 13)<br>Vou continuar lendo\u2026 tendo mais trechos interessantes, deixo aqui\u2026<br>A quest\u00e3o \u00e9 que eu fui em tr\u00eas livrarias conhecidas e importantes de BH e que a educa\u00e7\u00e3o estava sendo tratada com algum descaso\u2026 pensemos sobre isso, livreiros!<\/p>\n\n\n\n<p>P.S. Eu estava procurando um livro da Ana Elisa Ribeiro pra escrever sobre ele para um jornal que estou come\u00e7ando a escrever&#8230; em nenhuma das 4 livrarias tinha&#8230; =(<\/p>\n","protected":false},"excerpt":{"rendered":"<p>Hoje fui a quatro livrarias em Belo Horizonte\u2026 em tempos de pandemia, acho que esse tem sido uns dos lugares mais seguros para ir dar&#8230;<\/p>\n<div class=\"more-link-wrapper\"><a class=\"more-link\" href=\"https:\/\/www.amandatolomelli.pro.br\/site\/index.php\/2021\/02\/20\/o-lugar-da-educacao-e-um-achado-muito-peculiar\/\">Vem ler mais&#8230;<span class=\"screen-reader-text\">O lugar da educa\u00e7\u00e3o&#8230; e um achado muito peculiar&#8230;<\/span><\/a><\/div>\n","protected":false},"author":1,"featured_media":0,"comment_status":"open","ping_status":"open","sticky":false,"template":"","format":"standard","meta":{"footnotes":""},"categories":[1],"tags":[],"_links":{"self":[{"href":"https:\/\/www.amandatolomelli.pro.br\/site\/index.php\/wp-json\/wp\/v2\/posts\/409"}],"collection":[{"href":"https:\/\/www.amandatolomelli.pro.br\/site\/index.php\/wp-json\/wp\/v2\/posts"}],"about":[{"href":"https:\/\/www.amandatolomelli.pro.br\/site\/index.php\/wp-json\/wp\/v2\/types\/post"}],"author":[{"embeddable":true,"href":"https:\/\/www.amandatolomelli.pro.br\/site\/index.php\/wp-json\/wp\/v2\/users\/1"}],"replies":[{"embeddable":true,"href":"https:\/\/www.amandatolomelli.pro.br\/site\/index.php\/wp-json\/wp\/v2\/comments?post=409"}],"version-history":[{"count":2,"href":"https:\/\/www.amandatolomelli.pro.br\/site\/index.php\/wp-json\/wp\/v2\/posts\/409\/revisions"}],"predecessor-version":[{"id":412,"href":"https:\/\/www.amandatolomelli.pro.br\/site\/index.php\/wp-json\/wp\/v2\/posts\/409\/revisions\/412"}],"wp:attachment":[{"href":"https:\/\/www.amandatolomelli.pro.br\/site\/index.php\/wp-json\/wp\/v2\/media?parent=409"}],"wp:term":[{"taxonomy":"category","embeddable":true,"href":"https:\/\/www.amandatolomelli.pro.br\/site\/index.php\/wp-json\/wp\/v2\/categories?post=409"},{"taxonomy":"post_tag","embeddable":true,"href":"https:\/\/www.amandatolomelli.pro.br\/site\/index.php\/wp-json\/wp\/v2\/tags?post=409"}],"curies":[{"name":"wp","href":"https:\/\/api.w.org\/{rel}","templated":true}]}}