{"id":311,"date":"2021-01-31T23:01:33","date_gmt":"2021-02-01T02:01:33","guid":{"rendered":"http:\/\/www.amandatolomelli.pro.br\/site\/?p=311"},"modified":"2021-02-01T00:05:40","modified_gmt":"2021-02-01T03:05:40","slug":"uma-reflexao","status":"publish","type":"post","link":"https:\/\/www.amandatolomelli.pro.br\/site\/index.php\/2021\/01\/31\/uma-reflexao\/","title":{"rendered":"Uma reflex\u00e3o"},"content":{"rendered":"\n<p>Texto originalmente publicado antes dos agradecimentos da minha Tese de Doutorado em Educa\u00e7\u00e3o, apresentada no Programa de P\u00f3s-Gradua\u00e7\u00e3o da Faculdade de Educa\u00e7\u00e3o da Universidade Federal de Minas Gerais, no ano de 2017&#8230;<\/p>\n\n\n\n<p>&#8220;Escrever uma disserta\u00e7\u00e3o, e agora uma tese foi experienciar os dias mais solit\u00e1rios da minha vida. N\u00e3o vejo esta solid\u00e3o como algo negativo, mas como um momento de autoconhecimento e de introspec\u00e7\u00e3o, t\u00e3o raros atualmente nesta sociedade online em que vivemos. Por ter vivenciado esse per\u00edodo com tanta intensidade (como tudo que fa\u00e7o na vida), resolvi escrever esta reflex\u00e3o aqui para registrar esse meu momento t\u00e3o particular e t\u00e3o (in)comum&#8230;<\/p>\n\n\n\n<p>Por muitos dias me fiz sozinha no escrit\u00f3rio e mais recentemente na cama a escrever freneticamente&#8230; sim, assim que me sentia nos momentos de escrita mais intensa&#8230; Fren\u00e9tica!<\/p>\n\n\n\n<p>Quando come\u00e7amos um mestrado ou doutorado ningu\u00e9m nos conta um monte de coisas&#8230; Entre essas coisas est\u00e1 o fato de que a parte mais dif\u00edcil disso tudo n\u00e3o ser\u00e1 o processo seletivo&#8230; N\u00e3o ser\u00e1 a constru\u00e7\u00e3o do projeto inicial e nem a constru\u00e7\u00e3o do projeto que vai para o parecerista no meio do trajeto todo&#8230;<\/p>\n\n\n\n<p>Ningu\u00e9m nos conta que quando voc\u00ea est\u00e1 fazendo ainda as disciplinas obrigat\u00f3rias \u00e9 o melhor momento, o momento que voc\u00ea ainda est\u00e1 acostumada, afinal, fazer disciplina voc\u00ea fez durante toda a sua gradua\u00e7\u00e3o&#8230; O que vai ser dif\u00edcil mesmo ser\u00e1 a escrita&#8230; A coleta de dados&#8230; As escolhas metodol\u00f3gicas&#8230; As escolhas te\u00f3ricas&#8230; ah, as escolhas&#8230; Essas sim v\u00e3o te tirar o sono&#8230; V\u00e3o fazer voc\u00ea querer voltar a ler aqueles textos semanais, participar daqueles debates infind\u00e1veis em sala de aula&#8230;<\/p>\n\n\n\n<p>Acredite, voc\u00ea vai sentir falta dessa fase! Posso estar sendo mais sentimental do que a maioria das pessoas, mas \u00e9 como eu me senti&#8230; E posso afirmar pelo que vi e vivi que essa n\u00e3o \u00e9 uma trajet\u00f3ria prazerosa para a maioria das pessoas&#8230; N\u00e3o sei se devia estar escrevendo isso na minha tese, mas o romantismo com que muitas pessoas entram para o doutorado \u00e9 perigoso, por isso muitos adoecem durante esse percurso (f\u00edsica e psicologicamente)&#8230;<\/p>\n\n\n\n<p>Ningu\u00e9m nos conta que teremos meses e meses de completo afastamento do nosso objeto de pesquisa e, principalmente, da escrita, n\u00e3o seremos produtivos todo o tempo e isso \u00e9 muito normal e at\u00e9 saud\u00e1vel&#8230; Precisamos desses tempos de cerveja, vinho, viagens, amor, amigos, fam\u00edlia, respiros e suspiros para depois voltamos a escrever&#8230;<\/p>\n\n\n\n<p>Normalmente este retorno acontece depois de um dia inteiro de choro e desespero porque estamos vendo os meses passando e n\u00e3o estamos produzindo ou depois de uma boa terapia (ou as duas coisas no mesmo dia)&#8230;<\/p>\n\n\n\n<p>Estou escrevendo isso aqui hoje para que voc\u00eas saibam: isso tudo que voc\u00ea vai viver, esse turbilh\u00e3o de situa\u00e7\u00f5es e emo\u00e7\u00f5es, quando decidir fazer um mestrado ou doutorado s\u00e3o coisas normais e saud\u00e1veis! Vivam!<\/p>\n\n\n\n<p>Sua vida n\u00e3o vai parar para que voc\u00ea se qualifique profissionalmente&#8230; os filhos vir\u00e3o, os amores ir\u00e3o, os pais podem morrer, os amigos podem precisar muito do voc\u00ea, voc\u00ea pode (e vai) precisar muito dos amigos, as pessoas v\u00e3o nascer, adoecer, melhorar, comemorar, acidentes podem acontecer&#8230;<\/p>\n\n\n\n<p>Ent\u00e3o, fica a dica mais valiosa que s\u00f3 percebi pra l\u00e1 do meio de todo esse processo: N\u00e3o \u00e9 preciso deixar de viver para ser mestre ou doutor em nenhuma \u00e1rea do conhecimento&#8230; viva e fa\u00e7a com que a sua tese fa\u00e7a parte da sua vida de alguma forma. N\u00e3o \u00e9 preciso que ela seja a sua vida, mas \u00e9 important\u00edssimo que ela fa\u00e7a parte, realmente!&#8221;<\/p>\n","protected":false},"excerpt":{"rendered":"<p>Texto originalmente publicado antes dos agradecimentos da minha Tese de Doutorado em Educa\u00e7\u00e3o, apresentada no Programa de P\u00f3s-Gradua\u00e7\u00e3o da Faculdade de Educa\u00e7\u00e3o da Universidade Federal&#8230;<\/p>\n<div class=\"more-link-wrapper\"><a class=\"more-link\" href=\"https:\/\/www.amandatolomelli.pro.br\/site\/index.php\/2021\/01\/31\/uma-reflexao\/\">Vem ler mais&#8230;<span class=\"screen-reader-text\">Uma reflex\u00e3o<\/span><\/a><\/div>\n","protected":false},"author":1,"featured_media":0,"comment_status":"open","ping_status":"open","sticky":false,"template":"","format":"standard","meta":{"footnotes":""},"categories":[14,18,9,1],"tags":[26,29,28,27,30],"_links":{"self":[{"href":"https:\/\/www.amandatolomelli.pro.br\/site\/index.php\/wp-json\/wp\/v2\/posts\/311"}],"collection":[{"href":"https:\/\/www.amandatolomelli.pro.br\/site\/index.php\/wp-json\/wp\/v2\/posts"}],"about":[{"href":"https:\/\/www.amandatolomelli.pro.br\/site\/index.php\/wp-json\/wp\/v2\/types\/post"}],"author":[{"embeddable":true,"href":"https:\/\/www.amandatolomelli.pro.br\/site\/index.php\/wp-json\/wp\/v2\/users\/1"}],"replies":[{"embeddable":true,"href":"https:\/\/www.amandatolomelli.pro.br\/site\/index.php\/wp-json\/wp\/v2\/comments?post=311"}],"version-history":[{"count":1,"href":"https:\/\/www.amandatolomelli.pro.br\/site\/index.php\/wp-json\/wp\/v2\/posts\/311\/revisions"}],"predecessor-version":[{"id":312,"href":"https:\/\/www.amandatolomelli.pro.br\/site\/index.php\/wp-json\/wp\/v2\/posts\/311\/revisions\/312"}],"wp:attachment":[{"href":"https:\/\/www.amandatolomelli.pro.br\/site\/index.php\/wp-json\/wp\/v2\/media?parent=311"}],"wp:term":[{"taxonomy":"category","embeddable":true,"href":"https:\/\/www.amandatolomelli.pro.br\/site\/index.php\/wp-json\/wp\/v2\/categories?post=311"},{"taxonomy":"post_tag","embeddable":true,"href":"https:\/\/www.amandatolomelli.pro.br\/site\/index.php\/wp-json\/wp\/v2\/tags?post=311"}],"curies":[{"name":"wp","href":"https:\/\/api.w.org\/{rel}","templated":true}]}}