{"id":182,"date":"2016-03-22T11:37:56","date_gmt":"2016-03-22T14:37:56","guid":{"rendered":"http:\/\/www.amandatolomelli.pro.br\/site\/?p=182"},"modified":"2016-03-22T11:37:56","modified_gmt":"2016-03-22T14:37:56","slug":"pesquisadora-em-foco-equipe-da-revista-docencia-do-ensino-superior","status":"publish","type":"post","link":"https:\/\/www.amandatolomelli.pro.br\/site\/index.php\/2016\/03\/22\/pesquisadora-em-foco-equipe-da-revista-docencia-do-ensino-superior\/","title":{"rendered":"Pesquisadora em Foco: Equipe da Revista Doc\u00eancia do Ensino Superior"},"content":{"rendered":"<p style=\"text-align: center;\"><a href=\"http:\/\/www.amandatolomelli.pro.br\/site\/wp-content\/uploads\/2016\/03\/doc\u00eancia-1024x626-1.png\" rel=\"attachment wp-att-184\"><img decoding=\"async\" loading=\"lazy\" class=\"alignnone size-medium wp-image-184\" src=\"http:\/\/www.amandatolomelli.pro.br\/site\/wp-content\/uploads\/2016\/03\/doc\u00eancia-1024x626-1-300x183.png\" alt=\"doc\u00eancia-1024x626\" width=\"300\" height=\"183\" srcset=\"https:\/\/www.amandatolomelli.pro.br\/site\/wp-content\/uploads\/2016\/03\/doc\u00eancia-1024x626-1-300x183.png 300w, https:\/\/www.amandatolomelli.pro.br\/site\/wp-content\/uploads\/2016\/03\/doc\u00eancia-1024x626-1.png 640w\" sizes=\"(max-width: 300px) 100vw, 300px\" \/><\/a><\/p>\n<p>O Portal de Peri\u00f3dicos da UFMG fez uma mat\u00e9ria com a equipe editorial da Revista Doc\u00eancia do Ensino Superior e quem faz parte dessa equipe? EUZINHA!!!<\/p>\n<p>Veja a mat\u00e9ria na \u00edntegra <a href=\"https:\/\/www.ufmg.br\/periodicos\/pesquisadora-em-foco-equipe-da-revista-docencia-do-ensino-superior\/\" target=\"_blank\">aqui<\/a>!<\/p>\n","protected":false},"excerpt":{"rendered":"<p>O Portal de Peri\u00f3dicos da UFMG fez uma mat\u00e9ria com a equipe editorial da Revista Doc\u00eancia do Ensino Superior e quem faz parte dessa equipe?&#8230;<\/p>\n<div class=\"more-link-wrapper\"><a class=\"more-link\" href=\"https:\/\/www.amandatolomelli.pro.br\/site\/index.php\/2016\/03\/22\/pesquisadora-em-foco-equipe-da-revista-docencia-do-ensino-superior\/\">Vem ler mais&#8230;<span class=\"screen-reader-text\">Pesquisadora em Foco: Equipe da Revista Doc\u00eancia do Ensino Superior<\/span><\/a><\/div>\n","protected":false},"author":1,"featured_media":0,"comment_status":"open","ping_status":"open","sticky":false,"template":"","format":"standard","meta":{"footnotes":""},"categories":[1],"tags":[],"_links":{"self":[{"href":"https:\/\/www.amandatolomelli.pro.br\/site\/index.php\/wp-json\/wp\/v2\/posts\/182"}],"collection":[{"href":"https:\/\/www.amandatolomelli.pro.br\/site\/index.php\/wp-json\/wp\/v2\/posts"}],"about":[{"href":"https:\/\/www.amandatolomelli.pro.br\/site\/index.php\/wp-json\/wp\/v2\/types\/post"}],"author":[{"embeddable":true,"href":"https:\/\/www.amandatolomelli.pro.br\/site\/index.php\/wp-json\/wp\/v2\/users\/1"}],"replies":[{"embeddable":true,"href":"https:\/\/www.amandatolomelli.pro.br\/site\/index.php\/wp-json\/wp\/v2\/comments?post=182"}],"version-history":[{"count":1,"href":"https:\/\/www.amandatolomelli.pro.br\/site\/index.php\/wp-json\/wp\/v2\/posts\/182\/revisions"}],"predecessor-version":[{"id":185,"href":"https:\/\/www.amandatolomelli.pro.br\/site\/index.php\/wp-json\/wp\/v2\/posts\/182\/revisions\/185"}],"wp:attachment":[{"href":"https:\/\/www.amandatolomelli.pro.br\/site\/index.php\/wp-json\/wp\/v2\/media?parent=182"}],"wp:term":[{"taxonomy":"category","embeddable":true,"href":"https:\/\/www.amandatolomelli.pro.br\/site\/index.php\/wp-json\/wp\/v2\/categories?post=182"},{"taxonomy":"post_tag","embeddable":true,"href":"https:\/\/www.amandatolomelli.pro.br\/site\/index.php\/wp-json\/wp\/v2\/tags?post=182"}],"curies":[{"name":"wp","href":"https:\/\/api.w.org\/{rel}","templated":true}]}}