{"id":175,"date":"2016-03-22T01:02:24","date_gmt":"2016-03-22T04:02:24","guid":{"rendered":"http:\/\/www.amandatolomelli.pro.br\/site\/?p=175"},"modified":"2016-03-22T01:02:24","modified_gmt":"2016-03-22T04:02:24","slug":"hoje-acordei-querendo-empreender","status":"publish","type":"post","link":"https:\/\/www.amandatolomelli.pro.br\/site\/index.php\/2016\/03\/22\/hoje-acordei-querendo-empreender\/","title":{"rendered":"Hoje acordei querendo empreender!"},"content":{"rendered":"<p>Porque? Porque fui a um evento que me fez pensar muito em quem eu quero ser quando eu crescer (profissionalmente falando) e em quem eu n\u00e3o quero ser tamb\u00e9m! E \u00e9 sobre esse evento que vamos conversar!!!<\/p>\n<p>Come\u00e7ou com uma inscri\u00e7\u00e3o pr\u00e9-anunciada para o dia 10 de mar\u00e7o (10 dias antes do evento) e eu pensei: porque n\u00e3o abriram as inscri\u00e7\u00f5es e est\u00e3o fazendo esse suspense todo? A\u00ed no dia 10, 20 minutos antes da hora marcada eu j\u00e1 posicionada no computador e logada no site (<a href=\"https:\/\/www.sympla.com.br\/forum-de-midias-sociais---foms__58271\" target=\"_blank\">Sympla<\/a>), na hora marcada eu cliquei em retirar ingresso, fiz todos os passos e pronto, estava l\u00e1 meu ingresso&#8230; com 3 minutos de aberta a inscri\u00e7\u00e3o&#8230; a\u00ed percebi que j\u00e1 estavam esgotadas as inscri\u00e7\u00f5es: ASSUSTADOR (pensei eu), mas deve ser um evento bem restrito, ne? 100-200 pessoas no m\u00e1ximo&#8230; uau, e eu consegui!!!<\/p>\n<p>Aguardei o dia do evento e no dia 20 de mar\u00e7o l\u00e1 fui eu pro Hotel Ouro Minas! No in\u00edcio do evento j\u00e1 fiquei sabendo que os ingressos esgotaram com 2 minutos e meio! Sim, isso mesmo! Mas que eu era uma das 1000 (isso, mil) pessoas que conseguiram ingresso! Jesuuuuus&#8230; 1000 pessoas em 2 minutos e meio&#8230; ok, vamos l\u00e1 ent\u00e3o, que comece o evento!<\/p>\n<p>A decora\u00e7\u00e3o, m\u00fasica, luzes, tudo pensado para dar um ar de evento fant\u00e1stico, at\u00e9 que entra no palco o Erick Krominski e como um animador de torcida (isso n\u00e3o \u00e9 uma cr\u00edtica, ok&#8230; eu gostei!) come\u00e7a a apresentar os palestrantes&#8230; bom, a\u00ed vou falar dos palestrantes que mais me chamaram aten\u00e7\u00e3o e porque:<\/p>\n<p>Ah, antes&#8230; foi apresentada uma agenda de eventos de tecnologia da <a href=\"http:\/\/www.tecnologia.mg.gov.br\/\" target=\"_blank\">Secretaria de Ci\u00eancia, Tecnologia e Ensino Superior<\/a> inacredit\u00e1vel&#8230; e a maior novidade do momento \u00e9: Foi anunciado que teremos Campus Party em BH ainda esse ano! (Se voc\u00ea n\u00e3o sabe o que \u00e9 isso, <a href=\"http:\/\/brasil.campus-party.org\/\" target=\"_blank\">veja aqui<\/a>)<\/p>\n<p>Bom, vamos \u00e0s estrelas (diga-se de passagem que entraram no palco sempre com a m\u00fasica do Rocky Balboa rolando!! &#8211; mentira que voc\u00ea n\u00e3o sabe qual \u00e9 a m\u00fasica, n\u00e9? <a href=\"https:\/\/www.youtube.com\/watch?v=-HP7EGyMLy8\" target=\"_blank\">Clica aqui<\/a> e n\u00e3o me faz passar vergonha)<\/p>\n<p><strong><a href=\"https:\/\/www.facebook.com\/CidCidoso\/?fref=ts\" target=\"_blank\">Cid<\/a><\/strong>: O cara \u00e9 uma figura&#8230; comediante mesmo, mas a\u00ed que t\u00e1 o neg\u00f3cio, ele me fez pensar muito na informa\u00e7\u00e3o\/desinforma\u00e7\u00e3o que hoje estamos vivendo na internet. &#8220;Qualquer pessoa acredita em qualquer coisa que est\u00e1 na internet&#8221;. O cara j\u00e1 morreu e ressuscitou na internet, a m\u00e3e dele acha que ele \u00e9 ped\u00f3filo (brincadeirinha) mas o cara \u00e9 demais! Ri e pensei muito!<\/p>\n<p><strong><a href=\"https:\/\/www.facebook.com\/vjsalles\" target=\"_blank\">Victor Salles<\/a><\/strong>: Cara, se voc\u00ea \u00e9 o Victor Salles e est\u00e1 lendo isso, saiba que eu vou te procurar em breve! Gente, esse menino (disse a tia velha) \u00e9 uma gra\u00e7a tamb\u00e9m, n\u00e3o no sentido de ser comediante, mas de ser foda! Ele \u00e9 de uma empresa que conta hist\u00f3rias e prev\u00ea o futuro a partir do que est\u00e1 rolando nas redes sociais, li-te-ral-men-te!<br \/>\nE a\u00ed ele fez um questionamento que t\u00e1 me cozinhando a cabe\u00e7a at\u00e9 agora: &#8220;Como as pessoas passaram a se importar tanto com o que \u00e9 falado nas m\u00eddias sociais?&#8221; e falou de coisas que ele (com a ferramenta desenvolvida por ele e sua equipe) j\u00e1 descobriu nas redes, como por exemplo quando no Carnaval em Salvador, localizaram uma bomba a partir do que estava nas redes, ou a Dilma j\u00e1 sabia que ela seria vaiada naquele dia no est\u00e1dio, o Obama \u00e9 o pioneiro disso tudo (novidaaaade) e o Serra \u00e9 comedor (essa eu n\u00e3o lembrava mas ri muito).<br \/>\nAi, amei ver como \u00e9 poss\u00edvel mostrar a circula\u00e7\u00e3o das informa\u00e7\u00f5es t\u00e3o facilmente&#8230; onde, quando e como est\u00e1 circulando&#8230; e tudo autom\u00e1tico, naaaada manual&#8230; e eu aqui com a Circula\u00e7\u00e3o do conhecimento cient\u00edfico como pauta do momento, como tema da tese, como motivo de respirar achei lindo ouvir ele falando disso com tanta calma e facilidade! &lt;3<\/p>\n<p><strong><a href=\"https:\/\/www.facebook.com\/crisguerra.hojevouassim?fref=ts\" target=\"_blank\">Cris Guerra<\/a><\/strong>: Puta que pariu (o blog \u00e9 meu, eu falo o palavr\u00e3o que eu quiser) pra hist\u00f3ria de vida dessa mulher liiiiiiiindaaaa! Gente, n\u00e3o tenho capacidade para contar como ela contou l\u00e1 n\u00e3o, eu choraria se fosse contar pra algu\u00e9m, mas procurem ler sobre essa diva! Sim, essa sim \u00e9 diva!!! Apaixonei-me por ela, uma pessoa com uma puta hist\u00f3ria de vida e de supera\u00e7\u00e3o de merdas que podem acontecer! Lindeza, queria voc\u00ea de chaveiro! &#8220;Quando o que voc\u00ea mais teme acontece, voc\u00ea est\u00e1 livre. N\u00e3o precisa temer mais&#8221;. Cris Guerra, voc\u00ea \u00e9 foda!<\/p>\n<p><strong><a href=\"https:\/\/www.facebook.com\/wesleybarbosasantos\/?fref=ts\" target=\"_blank\">Wesley Barbosa<\/a><\/strong>: Think inside the box&#8230; humm.. ser\u00e1? A\u00ed o cara que viveu 14 anos em uma favela e que hoje tem 30 e \u00e9 o cara que criou a &#8220;Colheita feliz&#8221; (aquele jogo infernal que todo mundo jogava e que eu nunca entrei) \u00e9 dos mais fodas tamb\u00e9m! Trouxe muitos conceitos interessant\u00edssimos e foi o cara que mais me deu ideias do que eu ainda posso fazer pra crescer! Mas, principalmente \u00e9 o cara que me contou que eu t\u00f4 certa em dormir no meio da tarde, porque \u00e9 quando voc\u00ea dorme que as suas ideias se organizam!!!uhuuuu E, contou tamb\u00e9m que o momento Eureka acontece exatamente quando o seu c\u00e9rebro n\u00e3o est\u00e1 gastando energia para ter uma ideia fant\u00e1stica&#8230; vc t\u00e1 no banho, lavando lou\u00e7a, dirigindo&#8230; e ele tem toda raz\u00e3o!!! Mais uma frase bacanuda dele \u00e9 &#8220;A necessidade \u00e9 a m\u00e3e da inova\u00e7\u00e3o!&#8221; e tamb\u00e9m disse que necessidades s\u00e3o criadas&#8230; opa! Agradei demais!!! Ah, s\u00f3 mais uma frase dele que eu amei: &#8220;Contrate pessoas boas e as deixe em paz!&#8221; r\u00e1 r\u00e1 r\u00e1<\/p>\n<p><strong><a href=\"https:\/\/www.facebook.com\/oficialbellafalconi\/?fref=ts\" target=\"_blank\">Bella Falconi<\/a><\/strong>: <a href=\"https:\/\/www.youtube.com\/watch?v=iiRiflq90ug\" target=\"_blank\">cri cri cri<\/a><\/p>\n<p><strong><a href=\"https:\/\/www.facebook.com\/israelsalmen?fref=ts\" target=\"_blank\">Israel Salmen<\/a><\/strong>: O <a href=\"https:\/\/www.meliuz.com.br\/\" target=\"_blank\">M\u00e9liuz<\/a> \u00e9 bacana, ne? Eu n\u00e3o conhecia&#8230; e achei fant\u00e1stico como que ele cresceu r\u00e1pido! Em pouqu\u00edssimo tempo teve que mudar de casa (ele morava no apartamento que era a empresa) e hoje j\u00e1 tem 50 funcion\u00e1rios.. beeeeem bacana!!!<\/p>\n<p><a href=\"https:\/\/www.facebook.com\/pecesiqueira\/?fref=ts\" target=\"_blank\"><strong>PC Siqueira<\/strong><\/a>: Eu j\u00e1 tava cansada, mas foi bacana a fala dele tamb\u00e9m (s\u00f3 vi at\u00e9 come\u00e7arem as perguntas via Twitter, depois fui embora)&#8230; Mesmo no finalzinho da energia, guardei uma frase bacanuda dele: &#8220;N\u00e3o adianta voc\u00ea querer repetir o sucesso dos outros, porque j\u00e1 tem o sucesso dos outros!&#8221;.<\/p>\n<p>\u00c9 isso, gente&#8230; foi uma tarde agradabil\u00edssima e que agora est\u00e1 sendo digerida por mim para que eu possa fazer algo com isso tudo&#8230; e vou fazer, quem viver ver\u00e1!<\/p>\n","protected":false},"excerpt":{"rendered":"<p>Porque? Porque fui a um evento que me fez pensar muito em quem eu quero ser quando eu crescer (profissionalmente falando) e em quem eu&#8230;<\/p>\n<div class=\"more-link-wrapper\"><a class=\"more-link\" href=\"https:\/\/www.amandatolomelli.pro.br\/site\/index.php\/2016\/03\/22\/hoje-acordei-querendo-empreender\/\">Vem ler mais&#8230;<span class=\"screen-reader-text\">Hoje acordei querendo empreender!<\/span><\/a><\/div>\n","protected":false},"author":1,"featured_media":0,"comment_status":"open","ping_status":"open","sticky":false,"template":"","format":"standard","meta":{"footnotes":""},"categories":[10,14,8,9],"tags":[],"_links":{"self":[{"href":"https:\/\/www.amandatolomelli.pro.br\/site\/index.php\/wp-json\/wp\/v2\/posts\/175"}],"collection":[{"href":"https:\/\/www.amandatolomelli.pro.br\/site\/index.php\/wp-json\/wp\/v2\/posts"}],"about":[{"href":"https:\/\/www.amandatolomelli.pro.br\/site\/index.php\/wp-json\/wp\/v2\/types\/post"}],"author":[{"embeddable":true,"href":"https:\/\/www.amandatolomelli.pro.br\/site\/index.php\/wp-json\/wp\/v2\/users\/1"}],"replies":[{"embeddable":true,"href":"https:\/\/www.amandatolomelli.pro.br\/site\/index.php\/wp-json\/wp\/v2\/comments?post=175"}],"version-history":[{"count":1,"href":"https:\/\/www.amandatolomelli.pro.br\/site\/index.php\/wp-json\/wp\/v2\/posts\/175\/revisions"}],"predecessor-version":[{"id":176,"href":"https:\/\/www.amandatolomelli.pro.br\/site\/index.php\/wp-json\/wp\/v2\/posts\/175\/revisions\/176"}],"wp:attachment":[{"href":"https:\/\/www.amandatolomelli.pro.br\/site\/index.php\/wp-json\/wp\/v2\/media?parent=175"}],"wp:term":[{"taxonomy":"category","embeddable":true,"href":"https:\/\/www.amandatolomelli.pro.br\/site\/index.php\/wp-json\/wp\/v2\/categories?post=175"},{"taxonomy":"post_tag","embeddable":true,"href":"https:\/\/www.amandatolomelli.pro.br\/site\/index.php\/wp-json\/wp\/v2\/tags?post=175"}],"curies":[{"name":"wp","href":"https:\/\/api.w.org\/{rel}","templated":true}]}}