{"id":103,"date":"2015-07-17T14:14:17","date_gmt":"2015-07-17T17:14:17","guid":{"rendered":"http:\/\/www.amandatolomelli.pro.br\/site\/?p=103"},"modified":"2015-07-17T14:15:11","modified_gmt":"2015-07-17T17:15:11","slug":"revista-brasileira-de-aprendizagem-aberta-e-a-distancia","status":"publish","type":"post","link":"https:\/\/www.amandatolomelli.pro.br\/site\/index.php\/2015\/07\/17\/revista-brasileira-de-aprendizagem-aberta-e-a-distancia\/","title":{"rendered":"Revista Brasileira de Aprendizagem Aberta e a Dist\u00e2ncia"},"content":{"rendered":"<p>Voc\u00ea conhece uma revista inteirinha com foco em pesquisa, desenvolvimento e pr\u00e1tica da Educa\u00e7\u00e3o a Dist\u00e2ncia?<\/p>\n<p>N\u00e3o?? Estou falando da <a href=\"http:\/\/www.abed.org.br\/revistacientifica\/_brazilian\/\" target=\"_blank\">Revista Brasileira de Aprendizagem Aberta e a Dist\u00e2ncia<\/a>, da ABED (Associa\u00e7\u00e3o Brasileira de Educa\u00e7\u00e3o a Dist\u00e2ncia).<\/p>\n<p>No site da revista tem tamb\u00e9m dispon\u00edvel um dicion\u00e1rio de terminologia em EAD e tamb\u00e9m um Manual de Mapeamento de Informa\u00e7\u00f5es que podem ajudar muito para quem est\u00e1 entrando agora para este campo de trabalho e pesquisa!<\/p>\n","protected":false},"excerpt":{"rendered":"<p>Voc\u00ea conhece uma revista inteirinha com foco em pesquisa, desenvolvimento e pr\u00e1tica da Educa\u00e7\u00e3o a Dist\u00e2ncia? N\u00e3o?? Estou falando da Revista Brasileira de Aprendizagem Aberta&#8230;<\/p>\n<div class=\"more-link-wrapper\"><a class=\"more-link\" href=\"https:\/\/www.amandatolomelli.pro.br\/site\/index.php\/2015\/07\/17\/revista-brasileira-de-aprendizagem-aberta-e-a-distancia\/\">Vem ler mais&#8230;<span class=\"screen-reader-text\">Revista Brasileira de Aprendizagem Aberta e a Dist\u00e2ncia<\/span><\/a><\/div>\n","protected":false},"author":1,"featured_media":0,"comment_status":"open","ping_status":"open","sticky":false,"template":"","format":"standard","meta":{"footnotes":""},"categories":[7,9],"tags":[11,12],"_links":{"self":[{"href":"https:\/\/www.amandatolomelli.pro.br\/site\/index.php\/wp-json\/wp\/v2\/posts\/103"}],"collection":[{"href":"https:\/\/www.amandatolomelli.pro.br\/site\/index.php\/wp-json\/wp\/v2\/posts"}],"about":[{"href":"https:\/\/www.amandatolomelli.pro.br\/site\/index.php\/wp-json\/wp\/v2\/types\/post"}],"author":[{"embeddable":true,"href":"https:\/\/www.amandatolomelli.pro.br\/site\/index.php\/wp-json\/wp\/v2\/users\/1"}],"replies":[{"embeddable":true,"href":"https:\/\/www.amandatolomelli.pro.br\/site\/index.php\/wp-json\/wp\/v2\/comments?post=103"}],"version-history":[{"count":2,"href":"https:\/\/www.amandatolomelli.pro.br\/site\/index.php\/wp-json\/wp\/v2\/posts\/103\/revisions"}],"predecessor-version":[{"id":105,"href":"https:\/\/www.amandatolomelli.pro.br\/site\/index.php\/wp-json\/wp\/v2\/posts\/103\/revisions\/105"}],"wp:attachment":[{"href":"https:\/\/www.amandatolomelli.pro.br\/site\/index.php\/wp-json\/wp\/v2\/media?parent=103"}],"wp:term":[{"taxonomy":"category","embeddable":true,"href":"https:\/\/www.amandatolomelli.pro.br\/site\/index.php\/wp-json\/wp\/v2\/categories?post=103"},{"taxonomy":"post_tag","embeddable":true,"href":"https:\/\/www.amandatolomelli.pro.br\/site\/index.php\/wp-json\/wp\/v2\/tags?post=103"}],"curies":[{"name":"wp","href":"https:\/\/api.w.org\/{rel}","templated":true}]}}